{"id":3727,"date":"2025-08-15T22:15:39","date_gmt":"2025-08-16T01:15:39","guid":{"rendered":"https:\/\/www.angularmed.com.br\/blog\/?p=3727"},"modified":"2026-01-23T18:35:13","modified_gmt":"2026-01-23T21:35:13","slug":"tendencias-em-medicina-do-trabalho-para-lideres-e-rhs","status":"publish","type":"post","link":"https:\/\/www.angularmed.com.br\/blog\/tendencias-em-medicina-do-trabalho-para-lideres-e-rhs\/","title":{"rendered":"Tend\u00eancias em Medicina do Trabalho para L\u00edderes e RHs"},"content":{"rendered":"<span class=\"span-reading-time rt-reading-time\" style=\"display: block;\"><span class=\"rt-label rt-prefix\">Tempo de leitura:<\/span> <span class=\"rt-time\"> 4<\/span> <span class=\"rt-label rt-postfix\">minutos<\/span><\/span>\n<p>Imagine a seguinte cena: uma empresa com grandes talentos, mas com alto \u00edndice de afastamentos, colaboradores sobrecarregados e l\u00edderes inseguros sobre como agir. Esse cen\u00e1rio, infelizmente, ainda \u00e9 comum em muitas organiza\u00e7\u00f5es. Mas a boa not\u00edcia \u00e9 que a <strong>medicina do trabalho<\/strong> tem se transformado \u2014 e l\u00edderes atentos j\u00e1 perceberam que investir em sa\u00fade corporativa \u00e9 investir em resultados sustent\u00e1veis.<\/p>\n\n\n\n<p>Nos \u00faltimos anos, novas <strong>tend\u00eancias para RH<\/strong> t\u00eam surgido, desde regulamenta\u00e7\u00f5es mais rigorosas, como o e-Social e as Normas Regulamentadoras (NRs), at\u00e9 programas estrat\u00e9gicos que colocam a sa\u00fade mental no centro das decis\u00f5es. Mais do que cumprir leis, trata-se de enxergar a sa\u00fade como parte do desempenho organizacional.<\/p>\n\n\n\n<p>Neste artigo, vamos explorar as principais mudan\u00e7as e novidades em medicina do trabalho, com foco no que realmente importa para <strong>diretores de RH, gestores, CEOs e empres\u00e1rios<\/strong>: melhorar a performance, reduzir custos ocultos e transformar a gest\u00e3o de pessoas em uma vantagem competitiva.<\/p>\n\n\n\n<hr class=\"wp-block-separator has-alpha-channel-opacity\"\/>\n\n\n\n<h2 class=\"wp-block-heading\">A nova era da Medicina do Trabalho<\/h2>\n\n\n\n<p>A medicina do trabalho deixou de ser apenas uma obriga\u00e7\u00e3o legal. Hoje, ela \u00e9 vista como um bra\u00e7o estrat\u00e9gico da gest\u00e3o de pessoas. O papel das empresas n\u00e3o \u00e9 apenas evitar multas, mas criar ambientes saud\u00e1veis, que previnam doen\u00e7as e favore\u00e7am a produtividade.<\/p>\n\n\n\n<p><strong>Por que isso importa para l\u00edderes?<\/strong> Porque cada colaborador saud\u00e1vel \u00e9 tamb\u00e9m um ativo mais engajado. Uma equipe protegida por programas de sa\u00fade corporativa gera menos afastamentos e melhora os resultados da empresa.<\/p>\n\n\n\n<p>Al\u00e9m disso, o avan\u00e7o da tecnologia trouxe novas ferramentas. Prontu\u00e1rios eletr\u00f4nicos, intelig\u00eancia artificial e plataformas integradas permitem acompanhar indicadores de sa\u00fade de forma muito mais precisa. Isso d\u00e1 ao RH e aos gestores uma vis\u00e3o clara para agir antes que problemas se tornem crises.<\/p>\n\n\n\n<p>No fim do dia, empresas que tratam a sa\u00fade como investimento se destacam. Elas atraem talentos, reduzem custos com absente\u00edsmo e presente\u00edsmo e mostram maturidade na forma como cuidam de pessoas.<\/p>\n\n\n\n<hr class=\"wp-block-separator has-alpha-channel-opacity\"\/>\n\n\n\n<h2 class=\"wp-block-heading\">Regulamenta\u00e7\u00f5es: NRs e e-Social como prioridades<\/h2>\n\n\n\n<p>Para qualquer empresa, estar em dia com as Normas Regulamentadoras (NRs) e o e-Social \u00e9 mais do que uma quest\u00e3o de conformidade. \u00c9 uma forma de proteger o neg\u00f3cio de passivos trabalhistas e financeiros.<\/p>\n\n\n\n<p>As mudan\u00e7as recentes tornaram os processos mais rigorosos. O e-Social, por exemplo, exige relat\u00f3rios completos sobre condi\u00e7\u00f5es de sa\u00fade, exames ocupacionais e programas de seguran\u00e7a. Isso obriga o RH a estar alinhado com a \u00e1rea de sa\u00fade corporativa de forma cont\u00ednua, e n\u00e3o apenas pontual.<\/p>\n\n\n\n<p>Se antes era poss\u00edvel \u201cempurrar com a barriga\u201d, agora a fiscaliza\u00e7\u00e3o \u00e9 digital e praticamente em tempo real. Empresas que n\u00e3o se adaptam correm riscos s\u00e9rios de multas e a\u00e7\u00f5es trabalhistas.<\/p>\n\n\n\n<p>Por outro lado, aquelas que entendem essa obriga\u00e7\u00e3o como oportunidade conseguem transformar dados do e-Social em informa\u00e7\u00f5es estrat\u00e9gicas. \u00c9 poss\u00edvel identificar padr\u00f5es de adoecimento, setores mais vulner\u00e1veis e at\u00e9 prever custos futuros.<\/p>\n\n\n\n<p>Assim, o que parece burocracia se transforma em intelig\u00eancia de gest\u00e3o. Basta mudar o olhar: em vez de \u201cmais uma regra a cumprir\u201d, as regulamenta\u00e7\u00f5es podem ser aliadas de um RH estrat\u00e9gico.<\/p>\n\n\n\n<hr class=\"wp-block-separator has-alpha-channel-opacity\"\/>\n\n\n\n<h2 class=\"wp-block-heading\">Sa\u00fade mental no trabalho: do tabu \u00e0 prioridade<\/h2>\n\n\n\n<p>Durante muito tempo, falar sobre sa\u00fade mental era considerado \u201cfraqueza\u201d. Mas esse tabu caiu. Hoje, l\u00edderes sabem que <strong>burnout, ansiedade e depress\u00e3o<\/strong> est\u00e3o entre as principais causas de afastamentos. Ignorar esse cen\u00e1rio custa caro \u2014 em produtividade, engajamento e at\u00e9 reputa\u00e7\u00e3o da marca.<\/p>\n\n\n\n<p>As <strong>tend\u00eancias em sa\u00fade corporativa<\/strong> apontam para programas que v\u00e3o al\u00e9m do tradicional. N\u00e3o basta oferecer um conv\u00eanio m\u00e9dico. \u00c9 preciso criar uma cultura organizacional que incentive pausas, equil\u00edbrio e di\u00e1logo aberto sobre bem-estar.<\/p>\n\n\n\n<p>Empresas inovadoras t\u00eam investido em treinamentos de lideran\u00e7a humanizada, canais de apoio psicol\u00f3gico e pol\u00edticas que valorizam qualidade de vida. At\u00e9 pequenas mudan\u00e7as, como flexibiliza\u00e7\u00e3o de hor\u00e1rios e incentivo \u00e0 pr\u00e1tica de exerc\u00edcios, podem ter impacto enorme.<\/p>\n\n\n\n<p>E aqui est\u00e1 o ponto estrat\u00e9gico: quando o colaborador sente que sua sa\u00fade mental \u00e9 prioridade, ele retribui com engajamento e lealdade. \u00c9 uma equa\u00e7\u00e3o simples: pessoas bem = empresas fortes.<\/p>\n\n\n\n<hr class=\"wp-block-separator has-alpha-channel-opacity\"\/>\n\n\n\n<h2 class=\"wp-block-heading\">Redu\u00e7\u00e3o de custos: o impacto do absente\u00edsmo e presente\u00edsmo<\/h2>\n\n\n\n<p>Afastamentos por doen\u00e7as e acidentes n\u00e3o geram apenas custos diretos. Eles geram <strong>custos ocultos<\/strong> que muitas vezes passam despercebidos. O absente\u00edsmo (faltas) e o presente\u00edsmo (quando o colaborador est\u00e1 presente, mas improdutivo) comprometem toda a opera\u00e7\u00e3o.<\/p>\n\n\n\n<p>De acordo com estudos, o presente\u00edsmo pode custar at\u00e9 tr\u00eas vezes mais do que o absente\u00edsmo. Isso porque um funcion\u00e1rio doente, mas trabalhando, reduz a produtividade de toda a equipe e aumenta erros.<\/p>\n\n\n\n<p>\u00c9 aqui que entra a for\u00e7a da <strong>medicina do trabalho moderna<\/strong>. Programas de preven\u00e7\u00e3o, exames peri\u00f3dicos bem interpretados e a\u00e7\u00f5es integradas com a gest\u00e3o de pessoas reduzem afastamentos de forma significativa.<\/p>\n\n\n\n<p>Empresas que j\u00e1 adotaram esse olhar perceberam um retorno financeiro real. Menos licen\u00e7as m\u00e9dicas, menos rotatividade, mais performance. Em um mercado competitivo, cortar custos invis\u00edveis pode ser a diferen\u00e7a entre lucro e preju\u00edzo.<\/p>\n\n\n\n<hr class=\"wp-block-separator has-alpha-channel-opacity\"\/>\n\n\n\n<h2 class=\"wp-block-heading\">Programas de sa\u00fade corporativa estrat\u00e9gicos<\/h2>\n\n\n\n<p>O futuro da sa\u00fade corporativa est\u00e1 em programas personalizados e integrados. N\u00e3o se trata mais de a\u00e7\u00f5es gen\u00e9ricas, mas de projetos que consideram o perfil da empresa, o tipo de atividade e at\u00e9 dados gen\u00e9ticos e comportamentais.<\/p>\n\n\n\n<p>Um exemplo pr\u00e1tico: empresas com grande parte dos funcion\u00e1rios em home office podem priorizar programas de ergonomia e sa\u00fade mental. J\u00e1 ind\u00fastrias com alto risco ocupacional devem investir em exames peri\u00f3dicos mais robustos e treinamentos espec\u00edficos de seguran\u00e7a.<\/p>\n\n\n\n<p>O diferencial est\u00e1 na personaliza\u00e7\u00e3o. E aqui, o RH assume papel central. L\u00edderes que enxergam a sa\u00fade como pilar estrat\u00e9gico conseguem alinhar o cuidado com os colaboradores aos objetivos financeiros da empresa.<\/p>\n\n\n\n<p>Outro ponto \u00e9 a integra\u00e7\u00e3o entre medicina do trabalho, gest\u00e3o de pessoas e tecnologia. Plataformas de monitoramento de sa\u00fade, dashboards em tempo real e relat\u00f3rios gerenciais d\u00e3o aos l\u00edderes uma vis\u00e3o 360\u00ba do capital humano.<\/p>\n\n\n\n<p>Mais do que cumprir normas, trata-se de criar um ecossistema de sa\u00fade corporativa que gera engajamento, atrai talentos e fortalece a cultura organizacional.<\/p>\n\n\n\n<hr class=\"wp-block-separator has-alpha-channel-opacity\"\/>\n\n\n\n<h2 class=\"wp-block-heading\">Conclus\u00e3o: sa\u00fade como estrat\u00e9gia de neg\u00f3cios<\/h2>\n\n\n\n<p>As <strong>tend\u00eancias em medicina do trabalho<\/strong> deixam claro: empresas que continuam tratando o tema apenas como obriga\u00e7\u00e3o legal est\u00e3o perdendo oportunidades. O cen\u00e1rio exige l\u00edderes capazes de conectar sa\u00fade a resultados de gest\u00e3o.<\/p>\n\n\n\n<p>Ao olhar para regulamenta\u00e7\u00f5es com vis\u00e3o estrat\u00e9gica, ao investir em sa\u00fade mental, ao reduzir custos invis\u00edveis e ao personalizar programas de sa\u00fade corporativa, o RH deixa de ser apenas operacional e passa a ser protagonista.<\/p>\n\n\n\n<p>E aqui est\u00e1 a mensagem final: cuidar da sa\u00fade dos colaboradores n\u00e3o \u00e9 custo. \u00c9 investimento de alto retorno. Quem entende isso hoje estar\u00e1 muito \u00e0 frente amanh\u00e3.<\/p>\n\n\n\n<hr class=\"wp-block-separator has-alpha-channel-opacity\"\/>\n\n\n\n<p>Leia tamb\u00e9m:<\/p>\n\n\n\n<p><a href=\"https:\/\/www.angularmed.com.br\/blog\/cultura-de-cuidado-o-diferencial-competitivo-da-nova-lideranca\/\">Cultura de cuidado: o diferencial competitivo da nova lideran\u00e7a \u2013 Blog<\/a><\/p>\n\n\n\n<p><a href=\"https:\/\/www.angularmed.com.br\/blog\/saude-corporativa-tendencia-ou-necessidade-estrategica\/\">Sa\u00fade Corporativa: Tend\u00eancia ou Necessidade Estrat\u00e9gica? \u2013 Blog<\/a><\/p>\n\n\n\n<p><a href=\"https:\/\/www.angularmed.com.br\/blog\/saude-mental-nas-empresas-conheca-sua-importancia\/\">Sa\u00fade mental nas empresas: conhe\u00e7a sua import\u00e2ncia \u2013 Blog<\/a><\/p>\n","protected":false},"excerpt":{"rendered":"<p><span class=\"span-reading-time rt-reading-time\" style=\"display: block;\"><span class=\"rt-label rt-prefix\">Tempo de leitura:<\/span> <span class=\"rt-time\"> 4<\/span> <span class=\"rt-label rt-postfix\">minutos<\/span><\/span>Imagine a seguinte cena: uma empresa com grandes talentos, mas com alto \u00edndice de afastamentos, colaboradores sobrecarregados e l\u00edderes inseguros sobre como agir. Esse cen\u00e1rio, infelizmente, ainda \u00e9 comum em muitas organiza\u00e7\u00f5es. Mas a boa not\u00edcia \u00e9 que a medicina do trabalho tem se transformado \u2014 e l\u00edderes atentos j\u00e1 perceberam que investir em sa\u00fade corporativa \u00e9 investir em resultados sustent\u00e1veis. Nos \u00faltimos anos, novas tend\u00eancias para RH t\u00eam surgido, desde regulamenta\u00e7\u00f5es mais rigorosas, como o e-Social e as Normas Regulamentadoras (NRs), at\u00e9 programas estrat\u00e9gicos que colocam a sa\u00fade mental no centro das decis\u00f5es. Mais do que cumprir leis, trata-se de enxergar a sa\u00fade como parte do desempenho organizacional. Neste artigo, vamos explorar as principais mudan\u00e7as e novidades em medicina do trabalho, com foco no que realmente importa para diretores de RH, gestores, CEOs e empres\u00e1rios: melhorar a performance, reduzir custos ocultos e transformar a gest\u00e3o de pessoas em uma vantagem competitiva. A nova era da Medicina do Trabalho A medicina do trabalho deixou de ser apenas uma obriga\u00e7\u00e3o legal. Hoje, ela \u00e9 vista como um bra\u00e7o estrat\u00e9gico da gest\u00e3o de pessoas. O papel das empresas n\u00e3o \u00e9 apenas evitar multas, mas criar ambientes saud\u00e1veis, que previnam doen\u00e7as e favore\u00e7am a produtividade. Por que isso importa para l\u00edderes? Porque cada colaborador saud\u00e1vel \u00e9 tamb\u00e9m um ativo mais engajado. Uma equipe protegida por programas de sa\u00fade corporativa gera menos afastamentos e melhora os resultados da empresa. Al\u00e9m disso, o avan\u00e7o da tecnologia trouxe novas ferramentas. Prontu\u00e1rios eletr\u00f4nicos, intelig\u00eancia artificial e plataformas integradas permitem acompanhar indicadores de sa\u00fade de forma muito mais precisa. Isso d\u00e1 ao RH e aos gestores uma vis\u00e3o clara para agir antes que problemas se tornem crises. No fim do dia, empresas que tratam a sa\u00fade como investimento se destacam. Elas atraem talentos, reduzem custos com absente\u00edsmo e presente\u00edsmo e mostram maturidade na forma como cuidam de pessoas. Regulamenta\u00e7\u00f5es: NRs e e-Social como prioridades Para qualquer empresa, estar em dia com as Normas Regulamentadoras (NRs) e o e-Social \u00e9 mais do que uma quest\u00e3o de conformidade. \u00c9 uma forma de proteger o neg\u00f3cio de passivos trabalhistas e financeiros. As mudan\u00e7as recentes tornaram os processos mais rigorosos. O e-Social, por exemplo, exige relat\u00f3rios completos sobre condi\u00e7\u00f5es de sa\u00fade, exames ocupacionais e programas de seguran\u00e7a. Isso obriga o RH a estar alinhado com a \u00e1rea de sa\u00fade corporativa de forma cont\u00ednua, e n\u00e3o apenas pontual. Se antes era poss\u00edvel \u201cempurrar com a barriga\u201d, agora a fiscaliza\u00e7\u00e3o \u00e9 digital e praticamente em tempo real. Empresas que n\u00e3o se adaptam correm riscos s\u00e9rios de multas e a\u00e7\u00f5es trabalhistas. Por outro lado, aquelas que entendem essa obriga\u00e7\u00e3o como oportunidade conseguem transformar dados do e-Social em informa\u00e7\u00f5es estrat\u00e9gicas. \u00c9 poss\u00edvel identificar padr\u00f5es de adoecimento, setores mais vulner\u00e1veis e at\u00e9 prever custos futuros. Assim, o que parece burocracia se transforma em intelig\u00eancia de gest\u00e3o. Basta mudar o olhar: em vez de \u201cmais uma regra a cumprir\u201d, as regulamenta\u00e7\u00f5es podem ser aliadas de um RH estrat\u00e9gico. Sa\u00fade mental no trabalho: do tabu \u00e0 prioridade Durante muito tempo, falar sobre sa\u00fade mental era considerado \u201cfraqueza\u201d. Mas esse tabu caiu. Hoje, l\u00edderes sabem que burnout, ansiedade e depress\u00e3o est\u00e3o entre as principais causas de afastamentos. Ignorar esse cen\u00e1rio custa caro \u2014 em produtividade, engajamento e at\u00e9 reputa\u00e7\u00e3o da marca. As tend\u00eancias em sa\u00fade corporativa apontam para programas que v\u00e3o al\u00e9m do tradicional. N\u00e3o basta oferecer um conv\u00eanio m\u00e9dico. \u00c9 preciso criar uma cultura organizacional que incentive pausas, equil\u00edbrio e di\u00e1logo aberto sobre bem-estar. Empresas inovadoras t\u00eam investido em treinamentos de lideran\u00e7a humanizada, canais de apoio psicol\u00f3gico e pol\u00edticas que valorizam qualidade de vida. At\u00e9 pequenas mudan\u00e7as, como flexibiliza\u00e7\u00e3o de hor\u00e1rios e incentivo \u00e0 pr\u00e1tica de exerc\u00edcios, podem ter impacto enorme. E aqui est\u00e1 o ponto estrat\u00e9gico: quando o colaborador sente que sua sa\u00fade mental \u00e9 prioridade, ele retribui com engajamento e lealdade. \u00c9 uma equa\u00e7\u00e3o simples: pessoas bem = empresas fortes. Redu\u00e7\u00e3o de custos: o impacto do absente\u00edsmo e presente\u00edsmo Afastamentos por doen\u00e7as e acidentes n\u00e3o geram apenas custos diretos. Eles geram custos ocultos que muitas vezes passam despercebidos. O absente\u00edsmo (faltas) e o presente\u00edsmo (quando o colaborador est\u00e1 presente, mas improdutivo) comprometem toda a opera\u00e7\u00e3o. De acordo com estudos, o presente\u00edsmo pode custar at\u00e9 tr\u00eas vezes mais do que o absente\u00edsmo. Isso porque um funcion\u00e1rio doente, mas trabalhando, reduz a produtividade de toda a equipe e aumenta erros. \u00c9 aqui que entra a for\u00e7a da medicina do trabalho moderna. Programas de preven\u00e7\u00e3o, exames peri\u00f3dicos bem interpretados e a\u00e7\u00f5es integradas com a gest\u00e3o de pessoas reduzem afastamentos de forma significativa. Empresas que j\u00e1 adotaram esse olhar perceberam um retorno financeiro real. Menos licen\u00e7as m\u00e9dicas, menos rotatividade, mais performance. Em um mercado competitivo, cortar custos invis\u00edveis pode ser a diferen\u00e7a entre lucro e preju\u00edzo. Programas de sa\u00fade corporativa estrat\u00e9gicos O futuro da sa\u00fade corporativa est\u00e1 em programas personalizados e integrados. N\u00e3o se trata mais de a\u00e7\u00f5es gen\u00e9ricas, mas de projetos que consideram o perfil da empresa, o tipo de atividade e at\u00e9 dados gen\u00e9ticos e comportamentais. Um exemplo pr\u00e1tico: empresas com grande parte dos funcion\u00e1rios em home office podem priorizar programas de ergonomia e sa\u00fade mental. J\u00e1 ind\u00fastrias com alto risco ocupacional devem investir em exames peri\u00f3dicos mais robustos e treinamentos espec\u00edficos de seguran\u00e7a. O diferencial est\u00e1 na personaliza\u00e7\u00e3o. E aqui, o RH assume papel central. L\u00edderes que enxergam a sa\u00fade como pilar estrat\u00e9gico conseguem alinhar o cuidado com os colaboradores aos objetivos financeiros da empresa. Outro ponto \u00e9 a integra\u00e7\u00e3o entre medicina do trabalho, gest\u00e3o de pessoas e tecnologia. Plataformas de monitoramento de sa\u00fade, dashboards em tempo real e relat\u00f3rios gerenciais d\u00e3o aos l\u00edderes uma vis\u00e3o 360\u00ba do capital humano. Mais do que cumprir normas, trata-se de criar um ecossistema de sa\u00fade corporativa que gera engajamento, atrai talentos e fortalece a cultura organizacional. Conclus\u00e3o: sa\u00fade como estrat\u00e9gia de neg\u00f3cios As tend\u00eancias em medicina do trabalho deixam claro: empresas que continuam tratando o tema apenas como obriga\u00e7\u00e3o legal est\u00e3o perdendo oportunidades. O cen\u00e1rio exige l\u00edderes capazes de conectar sa\u00fade a resultados de gest\u00e3o. Ao olhar para regulamenta\u00e7\u00f5es com<\/p>\n","protected":false},"author":1,"featured_media":3764,"comment_status":"open","ping_status":"open","sticky":false,"template":"","format":"standard","meta":{"footnotes":""},"categories":[2031,2033,2035,2032,2036,2037,2030,1995,2034],"tags":[2005,2077,2089,2098,2090,2095,2093,2086,2092,2080,1966,2072,2081,2079,2004,2053,2078,2071,2097,2096,2085,2087,2076,2088,2094,2084,2091,1999,2075,1965,2046,2082,2083,2073,2074],"class_list":["post-3727","post","type-post","status-publish","format-standard","has-post-thumbnail","hentry","category-clima-organizacional","category-conformidade-trabalhista","category-estrategia-empresarial","category-gestao-de-pessoas","category-lideres-e-saude-mental","category-nr1","category-saude-corporativa","category-saude-mental","category-transformacao-cultural-nas-empresas","tag-absenteismo-e-presenteismo","tag-bem-estar-corporativo","tag-como-a-medicina-do-trabalho-reduz-custos-ocultos","tag-como-a-tecnologia-pode-ajudar-a-saude-corporativa","tag-como-cuidar-da-saude-mental-no-ambiente-de-trabalho","tag-como-integrar-exames-ocupacionais-e-gestao-de-pessoas","tag-como-lideres-podem-melhorar-a-qualidade-de-vida-no-trabalho","tag-como-o-e-social-impacta-a-saude-corporativa","tag-como-reduzir-absenteismo-no-trabalho","tag-compliance-em-saude-ocupacional","tag-cultura-organizacional-saudavel","tag-e-social-e-nrs","tag-estrategias-para-rh","tag-exames-ocupacionais","tag-gestao-de-pessoas","tag-gestao-estrategica-de-pessoas","tag-lideranca-e-saude","tag-medicina-do-trabalho","tag-o-que-a-legislacao-exige-das-empresas-em-saude-ocupacional","tag-o-que-e-presenteismo-e-como-evita-lo","tag-o-que-mudou-nas-nrs-para-empresas","tag-por-que-a-saude-mental-e-prioridade-nas-empresas","tag-programas-de-saude-corporativa","tag-quais-erros-comuns-em-programas-de-saude-corporativa","tag-quais-programas-de-saude-corporativa-dao-mais-resultado","tag-quais-sao-as-tendencias-em-medicina-do-trabalho-para-rh","tag-qual-o-papel-do-rh-na-saude-ocupacional","tag-qualidade-de-vida-no-trabalho","tag-reducao-de-custos-em-empresas","tag-saude-corporativa","tag-saude-mental-no-trabalho","tag-saude-ocupacional","tag-seguranca-no-trabalho","tag-tendencias-em-medicina-do-trabalho","tag-tendencias-para-rh"],"_links":{"self":[{"href":"https:\/\/www.angularmed.com.br\/blog\/wp-json\/wp\/v2\/posts\/3727","targetHints":{"allow":["GET"]}}],"collection":[{"href":"https:\/\/www.angularmed.com.br\/blog\/wp-json\/wp\/v2\/posts"}],"about":[{"href":"https:\/\/www.angularmed.com.br\/blog\/wp-json\/wp\/v2\/types\/post"}],"author":[{"embeddable":true,"href":"https:\/\/www.angularmed.com.br\/blog\/wp-json\/wp\/v2\/users\/1"}],"replies":[{"embeddable":true,"href":"https:\/\/www.angularmed.com.br\/blog\/wp-json\/wp\/v2\/comments?post=3727"}],"version-history":[{"count":1,"href":"https:\/\/www.angularmed.com.br\/blog\/wp-json\/wp\/v2\/posts\/3727\/revisions"}],"predecessor-version":[{"id":3729,"href":"https:\/\/www.angularmed.com.br\/blog\/wp-json\/wp\/v2\/posts\/3727\/revisions\/3729"}],"wp:featuredmedia":[{"embeddable":true,"href":"https:\/\/www.angularmed.com.br\/blog\/wp-json\/wp\/v2\/media\/3764"}],"wp:attachment":[{"href":"https:\/\/www.angularmed.com.br\/blog\/wp-json\/wp\/v2\/media?parent=3727"}],"wp:term":[{"taxonomy":"category","embeddable":true,"href":"https:\/\/www.angularmed.com.br\/blog\/wp-json\/wp\/v2\/categories?post=3727"},{"taxonomy":"post_tag","embeddable":true,"href":"https:\/\/www.angularmed.com.br\/blog\/wp-json\/wp\/v2\/tags?post=3727"}],"curies":[{"name":"wp","href":"https:\/\/api.w.org\/{rel}","templated":true}]}}