{"id":3713,"date":"2025-07-07T11:29:21","date_gmt":"2025-07-07T14:29:21","guid":{"rendered":"https:\/\/www.angularmed.com.br\/blog\/?p=3713"},"modified":"2025-07-07T11:29:22","modified_gmt":"2025-07-07T14:29:22","slug":"saude-mental-nas-empresas-conheca-sua-importancia","status":"publish","type":"post","link":"https:\/\/www.angularmed.com.br\/blog\/saude-mental-nas-empresas-conheca-sua-importancia\/","title":{"rendered":"Sa\u00fade mental nas empresas: conhe\u00e7a sua import\u00e2ncia"},"content":{"rendered":"<span class=\"span-reading-time rt-reading-time\" style=\"display: block;\"><span class=\"rt-label rt-prefix\">Tempo de leitura:<\/span> <span class=\"rt-time\"> 5<\/span> <span class=\"rt-label rt-postfix\">minutos<\/span><\/span>\n<p>Voc\u00ea j\u00e1 parou para pensar no impacto que a sa\u00fade mental tem no dia a dia dos colaboradores da sua empresa? E mais: como isso afeta diretamente os resultados do neg\u00f3cio?<\/p>\n\n\n\n<p>Cuidar do bem-estar emocional de uma equipe deixou de ser um diferencial e passou a ser uma <strong>necessidade estrat\u00e9gica<\/strong>. A sa\u00fade mental nas empresas n\u00e3o \u00e9 s\u00f3 sobre evitar afastamentos, mas sim sobre <strong>criar ambientes saud\u00e1veis, produtivos e sustent\u00e1veis a longo prazo<\/strong>.<\/p>\n\n\n\n<p>Neste artigo, vamos falar de forma clara e pr\u00e1tica sobre por que esse tema merece aten\u00e7\u00e3o imediata \u2014 e o que a sua empresa pode fazer a respeito.<\/p>\n\n\n\n<h2 class=\"wp-block-heading\">Por que a sa\u00fade mental para empresas se tornou uma pauta urgente?<\/h2>\n\n\n\n<p>Transtornos como ansiedade, depress\u00e3o e burnout est\u00e3o cada vez mais presentes nas rotinas corporativas. Segundo dados da <strong>Organiza\u00e7\u00e3o Mundial da Sa\u00fade (OMS)<\/strong>, mais de 15% dos adultos em idade produtiva convivem com algum transtorno mental.<\/p>\n\n\n\n<p>E o que isso significa dentro do ambiente empresarial? Significa que, provavelmente, parte da sua equipe est\u00e1 sofrendo em sil\u00eancio. Produtividade em queda, aumento no absente\u00edsmo, falhas de comunica\u00e7\u00e3o e conflitos interpessoais s\u00e3o s\u00f3 alguns dos sintomas vis\u00edveis.<\/p>\n\n\n\n<p>A verdade \u00e9 que <strong>os custos invis\u00edveis da neglig\u00eancia com a sa\u00fade mental s\u00e3o enormes<\/strong>. Desde perda de talentos at\u00e9 aumento de despesas com afastamentos e plano de sa\u00fade.<\/p>\n\n\n\n<p>Mas n\u00e3o se trata apenas de n\u00fameros. Trata-se de gente. De hist\u00f3rias. De profissionais que querem entregar o melhor, mas est\u00e3o exaustos emocionalmente. E cabe \u00e0 lideran\u00e7a olhar para isso com responsabilidade.<\/p>\n\n\n\n<h2 class=\"wp-block-heading\">Como a legisla\u00e7\u00e3o brasileira aborda a sa\u00fade mental nas empresas?<\/h2>\n\n\n\n<figure class=\"wp-block-image alignright size-full is-resized\"><img fetchpriority=\"high\" decoding=\"async\" width=\"500\" height=\"500\" src=\"https:\/\/www.angularmed.com.br\/blog\/wp-content\/uploads\/2025\/07\/saude-mental.png\" alt=\"Sa\u00fade mental nas empresas: conhe\u00e7a sua import\u00e2ncia\" class=\"wp-image-3714\" style=\"width:245px;height:auto\" srcset=\"https:\/\/www.angularmed.com.br\/blog\/wp-content\/uploads\/2025\/07\/saude-mental.png 500w, https:\/\/www.angularmed.com.br\/blog\/wp-content\/uploads\/2025\/07\/saude-mental-300x300.png 300w, https:\/\/www.angularmed.com.br\/blog\/wp-content\/uploads\/2025\/07\/saude-mental-150x150.png 150w\" sizes=\"(max-width: 500px) 100vw, 500px\" \/><\/figure>\n\n\n\n<p>Muita gente ainda pensa que sa\u00fade mental \u00e9 um tema subjetivo, dif\u00edcil de regular. Mas a legisla\u00e7\u00e3o brasileira j\u00e1 est\u00e1 se atualizando.<\/p>\n\n\n\n<p>A <strong>Norma Regulamentadora NR 1<\/strong>, revisada pelo Minist\u00e9rio do Trabalho, passou a <strong>exigir que empresas considerem os riscos psicossociais<\/strong> em suas an\u00e1lises de risco ocupacional.<\/p>\n\n\n\n<p>Ou seja, n\u00e3o basta mais cuidar apenas da seguran\u00e7a f\u00edsica. \u00c9 preciso avaliar <strong>fatores como ass\u00e9dio moral, sobrecarga de trabalho, jornadas extensas, press\u00e3o por metas e rela\u00e7\u00f5es t\u00f3xicas<\/strong> no ambiente corporativo.<\/p>\n\n\n\n<p>Al\u00e9m disso, a <strong>Lei n\u00ba 14.831\/2024<\/strong>, que trata da promo\u00e7\u00e3o da sa\u00fade mental no trabalho, tamb\u00e9m est\u00e1 em pauta em diversas empresas, incentivando pol\u00edticas internas de cuidado e preven\u00e7\u00e3o.<\/p>\n\n\n\n<p>Ignorar essas diretrizes n\u00e3o \u00e9 apenas negligente \u2014 pode gerar <strong>san\u00e7\u00f5es legais e danos \u00e0 reputa\u00e7\u00e3o da empresa<\/strong>.<\/p>\n\n\n\n<h2 class=\"wp-block-heading\">Quais s\u00e3o as principais causas de transtornos psicol\u00f3gicos no trabalho?<\/h2>\n\n\n\n<p>Nem sempre \u00e9 f\u00e1cil perceber o que est\u00e1 por tr\u00e1s do sofrimento emocional de um colaborador. Muitas vezes, os sinais aparecem de forma sutil: faltas frequentes, queda de desempenho, isolamento. Mas por tr\u00e1s disso, podem existir causas estruturais dentro do ambiente corporativo.<\/p>\n\n\n\n<p>Uma das mais comuns \u00e9 a <strong>sobrecarga de trabalho<\/strong>. Quando as demandas ultrapassam os limites saud\u00e1veis, o colaborador entra em um estado constante de estresse \u2014 e isso, com o tempo, pode evoluir para quadros de ansiedade e burnout.<\/p>\n\n\n\n<p>Outro fator cr\u00edtico \u00e9 a <strong>falta de reconhecimento<\/strong>. Trabalhar duro e n\u00e3o se sentir valorizado mina a autoestima profissional. Isso leva ao desengajamento, ao sentimento de inutilidade e, em muitos casos, \u00e0 depress\u00e3o.<\/p>\n\n\n\n<p><strong>Ambientes t\u00f3xicos<\/strong> tamb\u00e9m s\u00e3o gatilhos potentes. Conviv\u00eancia com lideran\u00e7as abusivas, aus\u00eancia de di\u00e1logo, fofocas e disputas internas geram tens\u00e3o emocional e inseguran\u00e7a psicol\u00f3gica. Ningu\u00e9m consegue dar o seu melhor sob esse tipo de press\u00e3o.<\/p>\n\n\n\n<p>A <strong>inseguran\u00e7a no emprego<\/strong> \u00e9 outro ponto que precisa ser observado. Amea\u00e7as de demiss\u00e3o constantes, mudan\u00e7as repentinas e falta de clareza nas decis\u00f5es causam um estado de alerta permanente \u2014 e isso cobra um pre\u00e7o alto da sa\u00fade mental.<\/p>\n\n\n\n<p>Por fim, n\u00e3o se pode ignorar a <strong>falta de equil\u00edbrio entre vida pessoal e profissional<\/strong>. Jornadas longas, metas inalcan\u00e7\u00e1veis e a cultura de \u201cdisponibilidade total\u201d fazem com que o colaborador nunca consiga se desconectar. Isso gera exaust\u00e3o, irritabilidade e at\u00e9 ins\u00f4nia cr\u00f4nica.<\/p>\n\n\n\n<p>A boa not\u00edcia? Todas essas causas podem ser prevenidas \u2014 ou pelo menos mitigadas \u2014 com pol\u00edticas claras, cultura organizacional saud\u00e1vel e a\u00e7\u00f5es estruturadas de cuidado emocional.<\/p>\n\n\n\n<hr class=\"wp-block-separator has-alpha-channel-opacity\"\/>\n\n\n\n<h2 class=\"wp-block-heading\">Quais s\u00e3o os benef\u00edcios reais de investir em sa\u00fade mental para colaboradores?<\/h2>\n\n\n\n<p>A sa\u00fade mental para colaboradores \u00e9 uma via de m\u00e3o dupla. Ganha o profissional, que se sente valorizado, e ganha a empresa, que colhe os frutos de um time engajado.<\/p>\n\n\n\n<p><strong>Empresas que investem no bem-estar emocional colhem resultados concretos<\/strong>:<\/p>\n\n\n\n<ul class=\"wp-block-list\">\n<li>Redu\u00e7\u00e3o do turnover e maior reten\u00e7\u00e3o de talentos.<\/li>\n\n\n\n<li>Aumento da produtividade e da qualidade das entregas.<\/li>\n\n\n\n<li>Clima organizacional mais leve e colaborativo.<\/li>\n\n\n\n<li>Menor n\u00famero de afastamentos por motivos psicol\u00f3gicos.<\/li>\n\n\n\n<li>Fortalecimento da imagem institucional como marca empregadora.<\/li>\n<\/ul>\n\n\n\n<p>Al\u00e9m disso, <strong>colaboradores emocionalmente saud\u00e1veis tendem a se comunicar melhor, a resolver conflitos com mais maturidade e a ter mais criatividade<\/strong> para lidar com desafios.<\/p>\n\n\n\n<p>Ou seja: cuidar da sa\u00fade mental n\u00e3o \u00e9 apenas humano \u2014 \u00e9 inteligente do ponto de vista estrat\u00e9gico.<\/p>\n\n\n\n<hr class=\"wp-block-separator has-alpha-channel-opacity\"\/>\n\n\n\n<h2 class=\"wp-block-heading\">Como implementar a\u00e7\u00f5es pr\u00e1ticas de sa\u00fade mental nas empresas?<\/h2>\n\n\n\n<p>Ok, voc\u00ea entendeu que o tema \u00e9 relevante. Mas por onde come\u00e7ar?<\/p>\n\n\n\n<p>Implementar a\u00e7\u00f5es de sa\u00fade mental nas empresas <strong>n\u00e3o exige grandes or\u00e7amentos, e sim comprometimento real<\/strong>. Comece pelo b\u00e1sico: <strong>escuta ativa e comunica\u00e7\u00e3o aberta<\/strong>.<\/p>\n\n\n\n<p>Aqui v\u00e3o algumas sugest\u00f5es pr\u00e1ticas que funcionam:<\/p>\n\n\n\n<ol class=\"wp-block-list\">\n<li><strong>Crie canais de apoio emocional<\/strong>, como parcerias com psic\u00f3logos ou linhas confidenciais de escuta.<\/li>\n\n\n\n<li><strong>Realize pesquisas de clima e bem-estar<\/strong> periodicamente.<\/li>\n\n\n\n<li><strong>Ofere\u00e7a treinamentos para l\u00edderes sobre sa\u00fade emocional<\/strong> e gest\u00e3o humanizada.<\/li>\n\n\n\n<li><strong>Implemente pol\u00edticas claras contra ass\u00e9dio<\/strong> e estabele\u00e7a canais seguros de den\u00fancia.<\/li>\n\n\n\n<li><strong>Flexibilize hor\u00e1rios<\/strong> e incentive pausas durante o expediente.<\/li>\n\n\n\n<li><strong>Incentive campanhas de autocuidado<\/strong> e conscientiza\u00e7\u00e3o sobre sa\u00fade mental.<\/li>\n<\/ol>\n\n\n\n<p>Pequenas a\u00e7\u00f5es j\u00e1 geram impacto. E o mais importante: precisam ser constantes. N\u00e3o adianta fazer uma semana da sa\u00fade mental e esquecer o tema pelo resto do ano.<\/p>\n\n\n\n<hr class=\"wp-block-separator has-alpha-channel-opacity\"\/>\n\n\n\n<h2 class=\"wp-block-heading\">O papel da lideran\u00e7a no cuidado com a sa\u00fade mental<\/h2>\n\n\n\n<p>Nenhuma pol\u00edtica de sa\u00fade mental para empresas funciona sem o apoio das lideran\u00e7as. S\u00e3o os gestores que d\u00e3o o tom da cultura organizacional.<\/p>\n\n\n\n<p>L\u00edderes preparados conseguem <strong>identificar sinais de esgotamento<\/strong> em seus times, como mudan\u00e7as de comportamento, irritabilidade ou queda de desempenho.<\/p>\n\n\n\n<p>Mais do que isso, <strong>lideran\u00e7as emp\u00e1ticas inspiram confian\u00e7a e criam ambientes seguros emocionalmente<\/strong>. Isso n\u00e3o significa abrir m\u00e3o da performance \u2014 significa alcan\u00e7\u00e1-la de forma sustent\u00e1vel.<\/p>\n\n\n\n<p>Por isso, investir na <strong>forma\u00e7\u00e3o emocional dos l\u00edderes<\/strong> \u00e9 fundamental. Empresas que entendem isso constroem um diferencial competitivo dif\u00edcil de copiar: <strong>a confian\u00e7a entre pessoas<\/strong>.<\/p>\n\n\n\n<hr class=\"wp-block-separator has-alpha-channel-opacity\"\/>\n\n\n\n<h2 class=\"wp-block-heading\">Conclus\u00e3o: sa\u00fade mental \u00e9 um ativo estrat\u00e9gico<\/h2>\n\n\n\n<p>Ao reconhecer a import\u00e2ncia da sa\u00fade mental para colaboradores, sua empresa n\u00e3o est\u00e1 apenas evitando riscos \u2014 est\u00e1 <strong>construindo um futuro mais s\u00f3lido, humano e produtivo<\/strong>.<\/p>\n\n\n\n<p>Colaboradores saud\u00e1veis emocionalmente s\u00e3o mais engajados, mais criativos e mais leais. Eles n\u00e3o trabalham apenas por um sal\u00e1rio, mas por um prop\u00f3sito. E isso, no fim das contas, \u00e9 o que sustenta uma empresa saud\u00e1vel tamb\u00e9m.<\/p>\n\n\n\n<p>Se a sua organiza\u00e7\u00e3o est\u00e1 buscando um parceiro confi\u00e1vel para implementar a\u00e7\u00f5es efetivas e legalmente embasadas, <strong>a Angularmed \u00e9 refer\u00eancia nacional quando o assunto \u00e9 sa\u00fade mental para empresas e aplica\u00e7\u00e3o da NR 1<\/strong>.<\/p>\n\n\n\n<p>Com ampla experi\u00eancia no atendimento corporativo, a Angularmed oferece <strong>consultorias especializadas, programas de sa\u00fade ocupacional, treinamentos e suporte t\u00e9cnico<\/strong> para garantir ambientes de trabalho mais saud\u00e1veis \u2014 f\u00edsica e emocionalmente.<\/p>\n\n\n\n<p><strong>A <a href=\"https:\/\/www.angularmed.com.br\/programa-de-saude-mental\">Angularmed <\/a>atua lado a lado com o RH e a lideran\u00e7a das empresas<\/strong>, ajudando a mapear riscos psicossociais, propor solu\u00e7\u00f5es personalizadas e cumprir todas as exig\u00eancias legais com responsabilidade e excel\u00eancia.<\/p>\n\n\n\n<p>Cuidar da sa\u00fade mental dos seus colaboradores \u00e9 uma escolha estrat\u00e9gica. E com o apoio da Angularmed, essa jornada se torna mais simples, segura e eficaz.<\/p>\n\n\n\n<figure class=\"wp-block-embed is-type-video is-provider-youtube wp-block-embed-youtube wp-embed-aspect-16-9 wp-has-aspect-ratio\"><div class=\"wp-block-embed__wrapper\">\n<iframe title=\"Epis\u00f3dio 1 | Com Elas - Atualiza\u00e7\u00f5es da NR1 e Sa\u00fade Mental nas Empresas\" width=\"800\" height=\"450\" src=\"https:\/\/www.youtube.com\/embed\/piOwWFU81HE?feature=oembed\" frameborder=\"0\" allow=\"accelerometer; autoplay; clipboard-write; encrypted-media; gyroscope; picture-in-picture; web-share\" referrerpolicy=\"strict-origin-when-cross-origin\" allowfullscreen><\/iframe>\n<\/div><\/figure>\n","protected":false},"excerpt":{"rendered":"<p><span class=\"span-reading-time rt-reading-time\" style=\"display: block;\"><span class=\"rt-label rt-prefix\">Tempo de leitura:<\/span> <span class=\"rt-time\"> 5<\/span> <span class=\"rt-label rt-postfix\">minutos<\/span><\/span>Voc\u00ea j\u00e1 parou para pensar no impacto que a sa\u00fade mental tem no dia a dia dos colaboradores da sua empresa? E mais: como isso afeta diretamente os resultados do neg\u00f3cio? Cuidar do bem-estar emocional de uma equipe deixou de ser um diferencial e passou a ser uma necessidade estrat\u00e9gica. A sa\u00fade mental nas empresas n\u00e3o \u00e9 s\u00f3 sobre evitar afastamentos, mas sim sobre criar ambientes saud\u00e1veis, produtivos e sustent\u00e1veis a longo prazo. Neste artigo, vamos falar de forma clara e pr\u00e1tica sobre por que esse tema merece aten\u00e7\u00e3o imediata \u2014 e o que a sua empresa pode fazer a respeito. Por que a sa\u00fade mental para empresas se tornou uma pauta urgente? Transtornos como ansiedade, depress\u00e3o e burnout est\u00e3o cada vez mais presentes nas rotinas corporativas. Segundo dados da Organiza\u00e7\u00e3o Mundial da Sa\u00fade (OMS), mais de 15% dos adultos em idade produtiva convivem com algum transtorno mental. E o que isso significa dentro do ambiente empresarial? Significa que, provavelmente, parte da sua equipe est\u00e1 sofrendo em sil\u00eancio. Produtividade em queda, aumento no absente\u00edsmo, falhas de comunica\u00e7\u00e3o e conflitos interpessoais s\u00e3o s\u00f3 alguns dos sintomas vis\u00edveis. A verdade \u00e9 que os custos invis\u00edveis da neglig\u00eancia com a sa\u00fade mental s\u00e3o enormes. Desde perda de talentos at\u00e9 aumento de despesas com afastamentos e plano de sa\u00fade. Mas n\u00e3o se trata apenas de n\u00fameros. Trata-se de gente. De hist\u00f3rias. De profissionais que querem entregar o melhor, mas est\u00e3o exaustos emocionalmente. E cabe \u00e0 lideran\u00e7a olhar para isso com responsabilidade. Como a legisla\u00e7\u00e3o brasileira aborda a sa\u00fade mental nas empresas? Muita gente ainda pensa que sa\u00fade mental \u00e9 um tema subjetivo, dif\u00edcil de regular. Mas a legisla\u00e7\u00e3o brasileira j\u00e1 est\u00e1 se atualizando. A Norma Regulamentadora NR 1, revisada pelo Minist\u00e9rio do Trabalho, passou a exigir que empresas considerem os riscos psicossociais em suas an\u00e1lises de risco ocupacional. Ou seja, n\u00e3o basta mais cuidar apenas da seguran\u00e7a f\u00edsica. \u00c9 preciso avaliar fatores como ass\u00e9dio moral, sobrecarga de trabalho, jornadas extensas, press\u00e3o por metas e rela\u00e7\u00f5es t\u00f3xicas no ambiente corporativo. Al\u00e9m disso, a Lei n\u00ba 14.831\/2024, que trata da promo\u00e7\u00e3o da sa\u00fade mental no trabalho, tamb\u00e9m est\u00e1 em pauta em diversas empresas, incentivando pol\u00edticas internas de cuidado e preven\u00e7\u00e3o. Ignorar essas diretrizes n\u00e3o \u00e9 apenas negligente \u2014 pode gerar san\u00e7\u00f5es legais e danos \u00e0 reputa\u00e7\u00e3o da empresa. Quais s\u00e3o as principais causas de transtornos psicol\u00f3gicos no trabalho? Nem sempre \u00e9 f\u00e1cil perceber o que est\u00e1 por tr\u00e1s do sofrimento emocional de um colaborador. Muitas vezes, os sinais aparecem de forma sutil: faltas frequentes, queda de desempenho, isolamento. Mas por tr\u00e1s disso, podem existir causas estruturais dentro do ambiente corporativo. Uma das mais comuns \u00e9 a sobrecarga de trabalho. Quando as demandas ultrapassam os limites saud\u00e1veis, o colaborador entra em um estado constante de estresse \u2014 e isso, com o tempo, pode evoluir para quadros de ansiedade e burnout. Outro fator cr\u00edtico \u00e9 a falta de reconhecimento. Trabalhar duro e n\u00e3o se sentir valorizado mina a autoestima profissional. Isso leva ao desengajamento, ao sentimento de inutilidade e, em muitos casos, \u00e0 depress\u00e3o. Ambientes t\u00f3xicos tamb\u00e9m s\u00e3o gatilhos potentes. Conviv\u00eancia com lideran\u00e7as abusivas, aus\u00eancia de di\u00e1logo, fofocas e disputas internas geram tens\u00e3o emocional e inseguran\u00e7a psicol\u00f3gica. Ningu\u00e9m consegue dar o seu melhor sob esse tipo de press\u00e3o. A inseguran\u00e7a no emprego \u00e9 outro ponto que precisa ser observado. Amea\u00e7as de demiss\u00e3o constantes, mudan\u00e7as repentinas e falta de clareza nas decis\u00f5es causam um estado de alerta permanente \u2014 e isso cobra um pre\u00e7o alto da sa\u00fade mental. Por fim, n\u00e3o se pode ignorar a falta de equil\u00edbrio entre vida pessoal e profissional. Jornadas longas, metas inalcan\u00e7\u00e1veis e a cultura de \u201cdisponibilidade total\u201d fazem com que o colaborador nunca consiga se desconectar. Isso gera exaust\u00e3o, irritabilidade e at\u00e9 ins\u00f4nia cr\u00f4nica. A boa not\u00edcia? Todas essas causas podem ser prevenidas \u2014 ou pelo menos mitigadas \u2014 com pol\u00edticas claras, cultura organizacional saud\u00e1vel e a\u00e7\u00f5es estruturadas de cuidado emocional. Quais s\u00e3o os benef\u00edcios reais de investir em sa\u00fade mental para colaboradores? A sa\u00fade mental para colaboradores \u00e9 uma via de m\u00e3o dupla. Ganha o profissional, que se sente valorizado, e ganha a empresa, que colhe os frutos de um time engajado. Empresas que investem no bem-estar emocional colhem resultados concretos: Al\u00e9m disso, colaboradores emocionalmente saud\u00e1veis tendem a se comunicar melhor, a resolver conflitos com mais maturidade e a ter mais criatividade para lidar com desafios. Ou seja: cuidar da sa\u00fade mental n\u00e3o \u00e9 apenas humano \u2014 \u00e9 inteligente do ponto de vista estrat\u00e9gico. Como implementar a\u00e7\u00f5es pr\u00e1ticas de sa\u00fade mental nas empresas? Ok, voc\u00ea entendeu que o tema \u00e9 relevante. Mas por onde come\u00e7ar? Implementar a\u00e7\u00f5es de sa\u00fade mental nas empresas n\u00e3o exige grandes or\u00e7amentos, e sim comprometimento real. Comece pelo b\u00e1sico: escuta ativa e comunica\u00e7\u00e3o aberta. Aqui v\u00e3o algumas sugest\u00f5es pr\u00e1ticas que funcionam: Pequenas a\u00e7\u00f5es j\u00e1 geram impacto. E o mais importante: precisam ser constantes. N\u00e3o adianta fazer uma semana da sa\u00fade mental e esquecer o tema pelo resto do ano. O papel da lideran\u00e7a no cuidado com a sa\u00fade mental Nenhuma pol\u00edtica de sa\u00fade mental para empresas funciona sem o apoio das lideran\u00e7as. S\u00e3o os gestores que d\u00e3o o tom da cultura organizacional. L\u00edderes preparados conseguem identificar sinais de esgotamento em seus times, como mudan\u00e7as de comportamento, irritabilidade ou queda de desempenho. Mais do que isso, lideran\u00e7as emp\u00e1ticas inspiram confian\u00e7a e criam ambientes seguros emocionalmente. Isso n\u00e3o significa abrir m\u00e3o da performance \u2014 significa alcan\u00e7\u00e1-la de forma sustent\u00e1vel. Por isso, investir na forma\u00e7\u00e3o emocional dos l\u00edderes \u00e9 fundamental. Empresas que entendem isso constroem um diferencial competitivo dif\u00edcil de copiar: a confian\u00e7a entre pessoas. Conclus\u00e3o: sa\u00fade mental \u00e9 um ativo estrat\u00e9gico Ao reconhecer a import\u00e2ncia da sa\u00fade mental para colaboradores, sua empresa n\u00e3o est\u00e1 apenas evitando riscos \u2014 est\u00e1 construindo um futuro mais s\u00f3lido, humano e produtivo. Colaboradores saud\u00e1veis emocionalmente s\u00e3o mais engajados, mais criativos e mais leais. Eles n\u00e3o trabalham apenas por um sal\u00e1rio, mas por um prop\u00f3sito. E isso, no fim das contas, \u00e9 o que sustenta uma empresa saud\u00e1vel tamb\u00e9m. Se a sua organiza\u00e7\u00e3o est\u00e1 buscando<\/p>\n","protected":false},"author":1,"featured_media":3714,"comment_status":"open","ping_status":"open","sticky":false,"template":"","format":"standard","meta":{"footnotes":""},"categories":[1995],"tags":[1963,1964,1967,1981,1976,1993,1983,1994,1988,1985,1966,1979,1970,1975,1969,1977,1962,1980,1972,1968,1978,1986,1982,1987,1992,1991,1971,1965,1984,1990,1973,1960,1989,1961,1974],"class_list":["post-3713","post","type-post","status-publish","format-standard","has-post-thumbnail","hentry","category-saude-mental","tag-ambiente-de-trabalho-saudavel","tag-bem-estar-emocional-no-trabalho","tag-burnout-nas-empresas","tag-como-aplicar-nr-1-na-saude-mental","tag-como-cuidar-da-saude-mental-dos-colaboradores","tag-como-engajar-lideres-no-cuidado-emocional","tag-como-evitar-o-burnout-na-empresa","tag-como-identificar-problemas-emocionais-na-empresa","tag-como-medir-a-saude-mental-dos-colaboradores","tag-como-promover-bem-estar-mental-na-equipe","tag-cultura-organizacional-saudavel","tag-estrategias-para-saude-mental-no-rh","tag-gestao-de-saude-emocional","tag-impacto-do-estresse-no-trabalho","tag-legislacao-saude-mental-no-trabalho","tag-lideres-e-saude-emocional","tag-nr-1-saude-mental","tag-o-que-e-saude-mental-nas-empresas","tag-politicas-de-saude-mental","tag-prevencao-de-doencas-mentais-no-trabalho","tag-psicologia-organizacional","tag-quais-acoes-praticas-de-saude-mental-para-empresas","tag-quais-os-beneficios-da-saude-mental-no-trabalho","tag-qual-a-importancia-da-saude-mental-no-ambiente-de-trabalho","tag-qual-o-papel-do-gestor-na-saude-mental-da-equipe","tag-que-leis-falam-sobre-saude-mental-no-trabalho","tag-responsabilidade-emocional-nas-empresas","tag-saude-corporativa","tag-saude-emocional-melhora-a-produtividade","tag-saude-mental-corporativa-da-retorno-financeiro","tag-saude-mental-e-produtividade","tag-saude-mental-nas-empresas","tag-saude-mental-no-rh-por-onde-comecar","tag-saude-mental-para-colaboradores","tag-saude-ocupacional-mental"],"_links":{"self":[{"href":"https:\/\/www.angularmed.com.br\/blog\/wp-json\/wp\/v2\/posts\/3713","targetHints":{"allow":["GET"]}}],"collection":[{"href":"https:\/\/www.angularmed.com.br\/blog\/wp-json\/wp\/v2\/posts"}],"about":[{"href":"https:\/\/www.angularmed.com.br\/blog\/wp-json\/wp\/v2\/types\/post"}],"author":[{"embeddable":true,"href":"https:\/\/www.angularmed.com.br\/blog\/wp-json\/wp\/v2\/users\/1"}],"replies":[{"embeddable":true,"href":"https:\/\/www.angularmed.com.br\/blog\/wp-json\/wp\/v2\/comments?post=3713"}],"version-history":[{"count":1,"href":"https:\/\/www.angularmed.com.br\/blog\/wp-json\/wp\/v2\/posts\/3713\/revisions"}],"predecessor-version":[{"id":3715,"href":"https:\/\/www.angularmed.com.br\/blog\/wp-json\/wp\/v2\/posts\/3713\/revisions\/3715"}],"wp:featuredmedia":[{"embeddable":true,"href":"https:\/\/www.angularmed.com.br\/blog\/wp-json\/wp\/v2\/media\/3714"}],"wp:attachment":[{"href":"https:\/\/www.angularmed.com.br\/blog\/wp-json\/wp\/v2\/media?parent=3713"}],"wp:term":[{"taxonomy":"category","embeddable":true,"href":"https:\/\/www.angularmed.com.br\/blog\/wp-json\/wp\/v2\/categories?post=3713"},{"taxonomy":"post_tag","embeddable":true,"href":"https:\/\/www.angularmed.com.br\/blog\/wp-json\/wp\/v2\/tags?post=3713"}],"curies":[{"name":"wp","href":"https:\/\/api.w.org\/{rel}","templated":true}]}}